{"id":33,"count":1,"description":"","link":"https:\/\/revue.ensb.dz\/ar\/mot-cle\/repercussions-sur-les-pratiques-scolaires-des-eleves\/","name":"r\u00e9percussions sur les pratiques scolaires des \u00e9l\u00e8ves","slug":"repercussions-sur-les-pratiques-scolaires-des-eleves","taxonomy":"mot-cle","meta":[],"_links":{"self":[{"href":"https:\/\/revue.ensb.dz\/ar\/wp-json\/wp\/v2\/mot-cle\/33"}],"collection":[{"href":"https:\/\/revue.ensb.dz\/ar\/wp-json\/wp\/v2\/mot-cle"}],"about":[{"href":"https:\/\/revue.ensb.dz\/ar\/wp-json\/wp\/v2\/taxonomies\/mot-cle"}],"wp:post_type":[{"href":"https:\/\/revue.ensb.dz\/ar\/wp-json\/wp\/v2\/article?mot-cle=33"},{"href":"https:\/\/revue.ensb.dz\/ar\/wp-json\/wp\/v2\/publications?mot-cle=33"}],"curies":[{"name":"wp","href":"https:\/\/api.w.org\/{rel}","templated":true}]}}