{"id":1654,"date":"2024-03-26T13:04:12","date_gmt":"2024-03-26T12:04:12","guid":{"rendered":"https:\/\/revue.ensb.dz\/?post_type=article&#038;p=1654"},"modified":"2024-03-26T13:04:12","modified_gmt":"2024-03-26T12:04:12","slug":"la-figure-maternelle-dans-la-poetique-frenaldienne-ambiguites-et-tensions-dans-lunite","status":"publish","type":"article","link":"https:\/\/revue.ensb.dz\/en\/article\/la-figure-maternelle-dans-la-poetique-frenaldienne-ambiguites-et-tensions-dans-lunite\/","title":{"rendered":"La figure maternelle dans la po\u00e9tique fr\u00e9naldienne : ambigu\u00eft\u00e9s et tensions dans l\u2019unit\u00e9"},"featured_media":0,"template":"","mot-cle":[837,835,327,836,731,838],"auteur":[839],"_links":{"self":[{"href":"https:\/\/revue.ensb.dz\/en\/wp-json\/wp\/v2\/article\/1654"}],"collection":[{"href":"https:\/\/revue.ensb.dz\/en\/wp-json\/wp\/v2\/article"}],"about":[{"href":"https:\/\/revue.ensb.dz\/en\/wp-json\/wp\/v2\/types\/article"}],"version-history":[{"count":1,"href":"https:\/\/revue.ensb.dz\/en\/wp-json\/wp\/v2\/article\/1654\/revisions"}],"predecessor-version":[{"id":1656,"href":"https:\/\/revue.ensb.dz\/en\/wp-json\/wp\/v2\/article\/1654\/revisions\/1656"}],"wp:attachment":[{"href":"https:\/\/revue.ensb.dz\/en\/wp-json\/wp\/v2\/media?parent=1654"}],"wp:term":[{"taxonomy":"mot-cle","embeddable":true,"href":"https:\/\/revue.ensb.dz\/en\/wp-json\/wp\/v2\/mot-cle?post=1654"},{"taxonomy":"auteur","embeddable":true,"href":"https:\/\/revue.ensb.dz\/en\/wp-json\/wp\/v2\/auteur?post=1654"}],"curies":[{"name":"wp","href":"https:\/\/api.w.org\/{rel}","templated":true}]}}